{"id":4070,"date":"2026-01-02T09:40:37","date_gmt":"2026-01-02T09:40:37","guid":{"rendered":"https:\/\/developress.io\/?p=4070"},"modified":"2026-01-16T11:41:50","modified_gmt":"2026-01-16T11:41:50","slug":"wordpress-7-0-i-przyszlosc-co-przyniesie-rok-2026-dla-twojej-strony","status":"publish","type":"post","link":"https:\/\/developress.io\/pl\/wordpress-7-0-i-przyszlosc-co-przyniesie-rok-2026-dla-twojej-strony\/","title":{"rendered":"WordPress 7.0 i przysz\u0142o\u015b\u0107: Co przyniesie rok 2026 dla Twojej strony?"},"content":{"rendered":"\n<div class=\"wp-block-rank-math-toc-block\" id=\"rank-math-toc\"><h2>Spis tre\u015bci<\/h2><nav><ul><li class=\"\"><a href=\"#harmonogram-wydania-word-press-7-0\">Harmonogram wydania WordPress 7.0<\/a><\/li><li class=\"\"><a href=\"#kluczowe-nowosci-co-moze-przyniesc-word-press-7-0\">Kluczowe nowo\u015bci: Co mo\u017ce przynie\u015b\u0107 WordPress 7.0?<\/a><ul><li class=\"\"><a href=\"#1-faza-3-projektu-gutenberg-wspolpraca\">1. Faza 3 projektu Gutenberg: wsp\u00f3\u0142praca<\/a><\/li><li class=\"\"><a href=\"#2-abilities-api-i-rozwoj-integracji-ai\">2. Abilities API i rozw\u00f3j integracji AI<\/a><\/li><li class=\"\"><a href=\"#3-nowy-motyw-domyslny-na-2026-rok\">3. Nowy motyw domy\u015blny na 2026 rok<\/a><\/li><li class=\"\"><a href=\"#4-usprawnienia-w-edytorze-witryny\">4. Usprawnienia w Edytorze Witryny<\/a><\/li><\/ul><\/li><li class=\"\"><a href=\"#plany-na-dalsza-czesc-2026-roku\">Plany na dalsz\u0105 cz\u0119\u015b\u0107 2026 roku<\/a><\/li><li class=\"\"><a href=\"#dlaczego-to-wazne-dla-twojego-biznesu\">Dlaczego to wa\u017cne dla Twojego biznesu?<\/a><\/li><li class=\"\"><a href=\"#faq\">FAQ.<\/a><\/li><\/ul><\/nav><\/div>\n\n\n\n<p>Ekosystem WordPressa nigdy nie stoi w miejscu. Po wydaniu wersji&nbsp;<strong><a href=\"https:\/\/developress.io\/pl\/wordpress-6-9-gene-co-nowego-w-ostatnim-duzym-wydaniu-tego-roku\/\" data-type=\"link\" data-id=\"https:\/\/developress.io\/pl\/wordpress-6-9-gene-co-nowego-w-ostatnim-duzym-wydaniu-tego-roku\/\">WordPress 6.9 \u201eGene\u201d<\/a><\/strong>&nbsp;w grudniu 2025 roku &#8211; kt\u00f3ra rozwin\u0119\u0142a narz\u0119dzia do wsp\u00f3\u0142pracy oraz po\u0142o\u017cy\u0142a istotne fundamenty pod przysz\u0142e integracje z AI &#8211; uwaga spo\u0142eczno\u015bci kieruje si\u0119 teraz na pierwszy du\u017cy etap planowany na 2026 rok:&nbsp;<strong>WordPress 7.0<\/strong>.<\/p>\n\n\n\n<p>W&nbsp;<a href=\"https:\/\/developress.io\/pl\/\" data-type=\"link\" data-id=\"https:\/\/developress.io\/pl\/\"><strong>DeveloPress<\/strong><\/a>&nbsp;na bie\u017c\u0105co \u015bledzimy rozw\u00f3j rdzenia systemu (Core), aby pomaga\u0107 naszym klientom odpowiednio przygotowa\u0107 si\u0119 na nadchodz\u0105ce zmiany. Poni\u017cej przedstawiamy to, co obecnie jest potwierdzone, a tak\u017ce kierunki, w jakich WordPress mo\u017ce si\u0119 rozwija\u0107.<\/p>\n\n\n\n<h2 class=\"wp-block-heading\" id=\"harmonogram-wydania-word-press-7-0\">Harmonogram wydania WordPress 7.0<\/h2>\n\n\n\n<p>Projekt WordPress zak\u0142ada powr\u00f3t do cyklu trzech du\u017cych wyda\u0144 w 2026 roku. WordPress 7.0 ma by\u0107 pierwszym z nich, jednak szczeg\u00f3\u0142owy harmonogram pozostaje na etapie planowania i mo\u017ce ulec zmianie.<\/p>\n\n\n\n<ul class=\"wp-block-list\">\n<li><strong>Faza beta:<\/strong>&nbsp;planowana na pierwszy kwarta\u0142 2026 roku<\/li>\n\n\n\n<li><strong>Wersje Release Candidate:<\/strong>&nbsp;wiosna 2026<\/li>\n\n\n\n<li><strong>Oficjalna premiera:<\/strong>&nbsp;przewidywana w pierwszej po\u0142owie 2026 roku<\/li>\n<\/ul>\n\n\n\n<p>Termin wydania mo\u017ce zosta\u0107 powi\u0105zany z jednym z g\u0142\u00f3wnych wydarze\u0144 spo\u0142eczno\u015bci WordPressa w 2026 roku, takich jak WordCamp Asia, co podkre\u015bla rang\u0119 tego wydania.<\/p>\n\n\n\n<h2 class=\"wp-block-heading\" id=\"kluczowe-nowosci-co-moze-przyniesc-word-press-7-0\">Kluczowe nowo\u015bci: Co mo\u017ce przynie\u015b\u0107 WordPress 7.0?<\/h2>\n\n\n\n<p>O ile wersja 6.9 koncentrowa\u0142a si\u0119 na fundamentach technologicznych, WordPress 7.0 zapowiadany jest jako wydanie bardziej widoczne dla u\u017cytkownik\u00f3w ko\u0144cowych, cho\u0107 wiele funkcji nadal pozostaje w fazie rozwoju.<\/p>\n\n\n\n<h3 class=\"wp-block-heading\" id=\"1-faza-3-projektu-gutenberg-wspolpraca\">1. Faza 3 projektu Gutenberg: wsp\u00f3\u0142praca<\/h3>\n\n\n\n<p>Jednym z g\u0142\u00f3wnych kierunk\u00f3w rozwoju na 2026 rok jest&nbsp;<strong>Faza 3 projektu Gutenberg<\/strong>, skupiona na wsp\u00f3\u0142pracy zespo\u0142owej. Po wprowadzeniu komentarzy i notatek w edytorze w wersji 6.9, WordPress 7.0 ma dalej usprawnia\u0107 prac\u0119 wielu u\u017cytkownik\u00f3w nad t\u0105 sam\u0105 tre\u015bci\u0105. Pe\u0142na wsp\u00f3\u0142edycja w czasie rzeczywistym jest rozwa\u017cana, jednak prawdopodobnie b\u0119dzie wdra\u017cana stopniowo.<\/p>\n\n\n\n<h3 class=\"wp-block-heading\" id=\"2-abilities-api-i-rozwoj-integracji-ai\">2. Abilities API i rozw\u00f3j integracji AI<\/h3>\n\n\n\n<p>WordPress stopniowo przygotowuje si\u0119 na g\u0142\u0119bsz\u0105 integracj\u0119 z rozwi\u0105zaniami opartymi o sztuczn\u0105 inteligencj\u0119. W wersji 7.0 rozwijane b\u0119dzie&nbsp;<strong>Abilities API<\/strong>, kt\u00f3re umo\u017cliwia sp\u00f3jne pod\u0142\u0105czanie funkcji inteligentnych przez wtyczki i zewn\u0119trzne us\u0142ugi. W praktyce oznacza to m.in.:<\/p>\n\n\n\n<ul class=\"wp-block-list\">\n<li><strong>Sugestie kontekstowe:<\/strong>&nbsp;inteligentniejsze podpowiedzi blok\u00f3w i wzorc\u00f3w zale\u017cne od tre\u015bci.<\/li>\n\n\n\n<li><strong>Lepsze podstawy zarz\u0105dzania mediami:<\/strong>&nbsp;rozszerzenia metadanych i organizacji zasob\u00f3w.<\/li>\n\n\n\n<li><strong>Integracje narz\u0119dzi redakcyjnych:<\/strong>&nbsp;API umo\u017cliwiaj\u0105ce wdra\u017canie asystent\u00f3w AI bezpo\u015brednio w edytorze.<\/li>\n<\/ul>\n\n\n\n<h3 class=\"wp-block-heading\" id=\"3-nowy-motyw-domyslny-na-2026-rok\">3. Nowy motyw domy\u015blny na 2026 rok<\/h3>\n\n\n\n<p>Jak co roku, wraz z du\u017cym wydaniem WordPressa spodziewany jest nowy motyw domy\u015blny. Cho\u0107 jego nazwa i szczeg\u00f3\u0142y nie zosta\u0142y jeszcze oficjalnie potwierdzone, motyw ten ma kontynuowa\u0107 rozw\u00f3j&nbsp;<strong>motyw\u00f3w blokowych<\/strong>, k\u0142ad\u0105c nacisk na wydajno\u015b\u0107 i elastyczno\u015b\u0107 projektowania.<\/p>\n\n\n\n<ul class=\"wp-block-list\">\n<li><strong>Optymalizacj\u0119 wydajno\u015bci:<\/strong>&nbsp;lekka struktura i nowoczesne podej\u015bcie do styl\u00f3w.<\/li>\n\n\n\n<li><strong>Nowoczesn\u0105 typografi\u0119:<\/strong>&nbsp;lepsze dopasowanie do r\u00f3\u017cnych rozmiar\u00f3w ekran\u00f3w.<\/li>\n\n\n\n<li><strong>Rozbudowane warianty styl\u00f3w:<\/strong>&nbsp;\u0142atwiejsze tworzenie sp\u00f3jnych projekt\u00f3w bez kodowania.<\/li>\n<\/ul>\n\n\n\n<h3 class=\"wp-block-heading\" id=\"4-usprawnienia-w-edytorze-witryny\">4. Usprawnienia w Edytorze Witryny<\/h3>\n\n\n\n<p>Edytor Witryny (Site Editor) jest systematycznie upraszczany i rozwijany. W WordPressie 7.0 mo\u017cna spodziewa\u0107 si\u0119 dalszych usprawnie\u0144 nawigacji, zarz\u0105dzania szablonami oraz rozwoju&nbsp;<strong>Palety Polece\u0144<\/strong>, kt\u00f3ra ma przyspieszy\u0107 poruszanie si\u0119 po ca\u0142ym panelu administracyjnym.<\/p>\n\n\n\n<h2 class=\"wp-block-heading\" id=\"plany-na-dalsza-czesc-2026-roku\">Plany na dalsz\u0105 cz\u0119\u015b\u0107 2026 roku<\/h2>\n\n\n\n<p>WordPress 7.0 ma stanowi\u0107 fundament dla kolejnych aktualizacji w 2026 roku. Wst\u0119pne za\u0142o\u017cenia obejmuj\u0105:<\/p>\n\n\n\n<ul class=\"wp-block-list\">\n<li><strong>WordPress 7.1 (druga po\u0142owa 2026):<\/strong>&nbsp;mo\u017cliwe usprawnienia Biblioteki Medi\u00f3w oraz bardziej szczeg\u00f3\u0142owe zarz\u0105dzanie uprawnieniami.<\/li>\n\n\n\n<li><strong>WordPress 7.2 (koniec 2026):<\/strong>&nbsp;dalsze dopracowanie funkcji wsp\u00f3\u0142pracy i post\u0119py w kierunku natywnej obs\u0142ugi wielu j\u0119zyk\u00f3w.<\/li>\n<\/ul>\n\n\n\n<h2 class=\"wp-block-heading\" id=\"dlaczego-to-wazne-dla-twojego-biznesu\">Dlaczego to wa\u017cne dla Twojego biznesu?<\/h2>\n\n\n\n<p>Nadchodz\u0105ce zmiany nie sprowadzaj\u0105 si\u0119 wy\u0142\u0105cznie do nowego interfejsu. Ich celem jest zwi\u0119kszenie&nbsp;<strong>wydajno\u015bci pracy i skalowalno\u015bci<\/strong>, zw\u0142aszcza dla zespo\u0142\u00f3w tworz\u0105cych i zarz\u0105dzaj\u0105cych tre\u015bciami.<\/p>\n\n\n\n<p><strong>Czy Twoja strona jest gotowa na WordPressa 7.0?<\/strong>&nbsp;W Developress pomagamy przygotowa\u0107 witryny na du\u017ce aktualizacje, dbaj\u0105c o kompatybilno\u015b\u0107 motyw\u00f3w, wtyczek oraz bezpiecze\u0144stwo ca\u0142ego \u015brodowiska.<\/p>\n\n\n\n<blockquote class=\"wp-block-quote is-layout-flow wp-block-quote-is-layout-flow\">\n<p><strong>B\u0105d\u017a o krok przed konkurencj\u0105.<\/strong>&nbsp;<a href=\"https:\/\/developress.io\/pl\/kontakt\/\" target=\"_blank\" rel=\"noreferrer noopener\">Skontaktuj si\u0119 z nami ju\u017c dzi\u015b<\/a>, aby zaplanowa\u0107 przygotowania do WordPressa 7.0 i kolejnych wyda\u0144 w 2026 roku.<\/p>\n<\/blockquote>\n\n\n\n<section class=\"wp-block-dp-faqs alignfull faqs has-global-padding is-layout-constrained wp-block-dp-faqs-is-layout-constrained\">\n<div class=\"wp-block-columns faqs__columns is-layout-flex wp-container-core-columns-is-layout-28f84493 wp-block-columns-is-layout-flex\">\n<div class=\"wp-block-column faqs__column is-layout-flow wp-block-column-is-layout-flow\">\n<h2 class=\"wp-block-heading faqs__title\" id=\"faq\">FAQ.<\/h2>\n\n\n\n<p class=\"faqs__subtitle has-paragraph-big-font-size\">Nie widzisz odpowiedzi na swoje pytanie? <a href=\"https:\/\/developress.io\/pl\/kontakt\/\" data-type=\"link\" data-id=\"https:\/\/developress.io\/pl\/kontakt\/\">Napisz do nas.<\/a> Z przyjemno\u015bci\u0105 pomo\u017cemy.<\/p>\n<\/div>\n\n\n\n<div class=\"wp-block-column faqs__column is-layout-flow wp-block-column-is-layout-flow\">\n<details class=\"wp-block-dp-faqs-item alignfull faqs-item\"><summary class=\"is-style-bold\"><strong>Czym jest WordPress 7.0 i kiedy zostanie wydany?<\/strong><\/summary><div class=\"faqs-item__height-wrapper\"><div class=\"faqs-item__content-wrapper alignfull has-global-padding is-layout-constrained wp-block-dp-faqs-item-is-layout-constrained\">\n<p>WordPress 7.0 to pierwsze du\u017ce wydanie Core zaplanowane na 2026 rok. Oczekuje si\u0119, \u017ce wersja beta pojawi si\u0119 w pierwszym kwartale 2026 roku, a finalna wersja b\u0119dzie dost\u0119pna w pierwszej po\u0142owie roku.<\/p>\n<\/div><\/div><\/details>\n\n\n\n<details class=\"wp-block-dp-faqs-item alignfull faqs-item\"><summary class=\"is-style-bold\"><strong>Jakie s\u0105 najwa\u017cniejsze zmiany w WordPress 7.0?<\/strong><\/summary><div class=\"faqs-item__height-wrapper\"><div class=\"faqs-item__content-wrapper alignfull has-global-padding is-layout-constrained wp-block-dp-faqs-item-is-layout-constrained\">\n<p>Do kluczowych zmian nale\u017c\u0105 usprawnienia wsp\u00f3\u0142pracy w ramach Gutenberg Phase 3, dalszy rozw\u00f3j Abilities API pod integracje AI, nowy domy\u015blny motyw na 2026 rok oraz ulepszenia w dzia\u0142aniu Edytora Witryny.<\/p>\n<\/div><\/div><\/details>\n\n\n\n<details class=\"wp-block-dp-faqs-item alignfull faqs-item\"><summary class=\"is-style-bold\"><strong>Czy WordPress 7.0 b\u0119dzie mia\u0142 wbudowane funkcje AI?<\/strong><\/summary><div class=\"faqs-item__height-wrapper\"><div class=\"faqs-item__content-wrapper alignfull has-global-padding is-layout-constrained wp-block-dp-faqs-item-is-layout-constrained\">\n<p>WordPress 7.0 nie b\u0119dzie w pe\u0142ni \u201eAI-native\u201d, ale wprowadzi podstawowe API, kt\u00f3re umo\u017cliwi\u0105 wtyczkom i zewn\u0119trznym us\u0142ugom bezpieczn\u0105 i standaryzowan\u0105 integracj\u0119 funkcji opartych na A<\/p>\n<\/div><\/div><\/details>\n\n\n\n<details class=\"wp-block-dp-faqs-item alignfull faqs-item\"><summary class=\"is-style-bold\"><strong>Czy ju\u017c teraz warto przygotowa\u0107 stron\u0119 na WordPress 7.0?<\/strong><\/summary><div class=\"faqs-item__height-wrapper\"><div class=\"faqs-item__content-wrapper alignfull has-global-padding is-layout-constrained wp-block-dp-faqs-item-is-layout-constrained\">\n<p>Tak. Firmy i agencje powinny rozpocz\u0105\u0107 audyt motyw\u00f3w, wtyczek oraz w\u0142asnego kodu, aby zapewni\u0107 kompatybilno\u015b\u0107 i unikn\u0105\u0107 problem\u00f3w podczas aktualizacji.<\/p>\n<\/div><\/div><\/details>\n\n\n\n<details class=\"wp-block-dp-faqs-item alignfull faqs-item\"><summary class=\"is-style-bold\"><strong>W jaki spos\u00f3b Developress mo\u017ce pom\u00f3c w aktualizacji do WordPress 7.0?<\/strong><\/summary><div class=\"faqs-item__height-wrapper\"><div class=\"faqs-item__content-wrapper alignfull has-global-padding is-layout-constrained wp-block-dp-faqs-item-is-layout-constrained\">\n<p>Developress oferuje audyty techniczne, planowanie aktualizacji oraz d\u0142ugoterminowe utrzymanie WordPressa, aby zapewni\u0107 p\u0142ynne i bezpieczne przej\u015bcie na kolejne du\u017ce wersje Core.<\/p>\n<\/div><\/div><\/details>\n<\/div>\n<\/div>\n<\/section>\n","protected":false},"excerpt":{"rendered":"<p>Ekosystem WordPressa nigdy nie stoi w miejscu. Po wydaniu wersji&nbsp;WordPress 6.9 \u201eGene\u201d&nbsp;w grudniu 2025 roku &#8211; kt\u00f3ra rozwin\u0119\u0142a narz\u0119dzia do wsp\u00f3\u0142pracy oraz po\u0142o\u017cy\u0142a istotne fundamenty pod przysz\u0142e integracje z AI &#8211; uwaga spo\u0142eczno\u015bci kieruje si\u0119 teraz na pierwszy du\u017cy etap planowany na 2026 rok:&nbsp;WordPress 7.0. W&nbsp;DeveloPress&nbsp;na bie\u017c\u0105co \u015bledzimy rozw\u00f3j rdzenia systemu (Core), aby pomaga\u0107 naszym [&hellip;]<\/p>\n","protected":false},"author":5,"featured_media":4068,"comment_status":"closed","ping_status":"closed","sticky":false,"template":"","format":"standard","meta":{"footnotes":""},"categories":[38,48,45],"tags":[],"class_list":["post-4070","post","type-post","status-publish","format-standard","has-post-thumbnail","hentry","category-ai-i-automatyzacja-w-wordpressie","category-aktualizacje-i-wydania-wordpressa","category-trendy-i-spolecznosc"],"_links":{"self":[{"href":"https:\/\/developress.io\/pl\/wp-json\/wp\/v2\/posts\/4070","targetHints":{"allow":["GET"]}}],"collection":[{"href":"https:\/\/developress.io\/pl\/wp-json\/wp\/v2\/posts"}],"about":[{"href":"https:\/\/developress.io\/pl\/wp-json\/wp\/v2\/types\/post"}],"author":[{"embeddable":true,"href":"https:\/\/developress.io\/pl\/wp-json\/wp\/v2\/users\/5"}],"replies":[{"embeddable":true,"href":"https:\/\/developress.io\/pl\/wp-json\/wp\/v2\/comments?post=4070"}],"version-history":[{"count":8,"href":"https:\/\/developress.io\/pl\/wp-json\/wp\/v2\/posts\/4070\/revisions"}],"predecessor-version":[{"id":4123,"href":"https:\/\/developress.io\/pl\/wp-json\/wp\/v2\/posts\/4070\/revisions\/4123"}],"wp:featuredmedia":[{"embeddable":true,"href":"https:\/\/developress.io\/pl\/wp-json\/wp\/v2\/media\/4068"}],"wp:attachment":[{"href":"https:\/\/developress.io\/pl\/wp-json\/wp\/v2\/media?parent=4070"}],"wp:term":[{"taxonomy":"category","embeddable":true,"href":"https:\/\/developress.io\/pl\/wp-json\/wp\/v2\/categories?post=4070"},{"taxonomy":"post_tag","embeddable":true,"href":"https:\/\/developress.io\/pl\/wp-json\/wp\/v2\/tags?post=4070"}],"curies":[{"name":"wp","href":"https:\/\/api.w.org\/{rel}","templated":true}]}}